{"id":41807,"__str__":"Requerimento de Vereador n\u00ba 1930 de 2019","link_detail_backend":"/materia/41807","metadata":{},"numero":1930,"ano":2019,"numero_protocolo":96154,"data_apresentacao":"2019-11-26","tipo_apresentacao":"E","data_publicacao":null,"numero_origem_externa":"","ano_origem_externa":null,"data_origem_externa":null,"apelido":"","dias_prazo":null,"data_fim_prazo":null,"em_tramitacao":false,"polemica":null,"objeto":"","complementar":null,"ementa":"REQUER O USO DO PLENARINHO ALMIR FORTE PARA O DIA 29/11/2019 \u00c0 PARTIR DAS 18:30 H PARA REALIZAR RODA DE CONVERSA SOBRE A IMPORT\u00c2NCIA DO OUTRO RECONHECIMENTO E DO EMPODERAMENTO NEGRO PARA A OCUPA\u00c7\u00c3O DOS ESPA\u00c7OS DE PODER E NA IMPLEMENTA\u00c7\u00c3O DE POL\u00cdTICAS PUBLICAS AFIRMATIVAS.","indexacao":"","observacao":"","resultado":"","texto_original":null,"data_ultima_atualizacao":"2019-11-28T12:10:53.862878-03:00","ip":"","ultima_edicao":null,"tipo":3,"regime_tramitacao":1,"tipo_origem_externa":null,"local_origem_externa":null,"user":null,"anexadas":[],"autores":[70]}