{"id":431,"__str__":"Requerimento de Vereador n\u00ba 165 de 2012","link_detail_backend":"/materia/431","metadata":{},"numero":165,"ano":2012,"numero_protocolo":1699,"data_apresentacao":"2012-05-02","tipo_apresentacao":"E","data_publicacao":null,"numero_origem_externa":"","ano_origem_externa":null,"data_origem_externa":null,"apelido":"","dias_prazo":null,"data_fim_prazo":null,"em_tramitacao":false,"polemica":false,"objeto":"","complementar":false,"ementa":"REQUER INFORMA\u00c7\u00d5ES REFERENTE A JORNADA PEDAGOGICA M\u00c1XIMA.","indexacao":"","observacao":"","resultado":"","texto_original":null,"data_ultima_atualizacao":"2018-11-30T08:50:20.621318-02:00","ip":"","ultima_edicao":null,"tipo":3,"regime_tramitacao":1,"tipo_origem_externa":null,"local_origem_externa":null,"user":null,"anexadas":[],"autores":[6]}