{"id":742,"__str__":"Decreto Legislativo n\u00ba 2.911, de 04 de abril de 2019","link_detail_backend":"/norma/742","metadata":{},"texto_integral":null,"numero":"2911","ano":2019,"esfera_federacao":"M","data":"2019-04-04","data_publicacao":null,"veiculo_publicacao":"","pagina_inicio_publicacao":null,"pagina_fim_publicacao":null,"ementa":"DISP\u00d5E SOBRE EXONERA\u00c7\u00c3O DE SERVIDOR DE CARGO EM COMISS\u00c3O A PARTIR DE 01/04/2019: EM\u00cdLIA FONTOURA D'\u00c1VILA, L\u00daCIA BATISTA SUPELETE E ALINE F\u00c1VERO FELIPE (CARGO DE ASSESSOR T\u00c9CNICO); RAFAEL MACEDO BATISTA(CONTADOR); DEIVISSON JOS\u00c9 ROSA FRANCHISCHETO E JOS\u00c9 DA SILVA AZEREDO(GERENTE DE MANUTEN\u00c7\u00c3O E LIMPEZA); LUCIN\u00c9IA PETERLE CARVALHO SILVA E N\u00daBIA PEREIRA SILVA(SECRET\u00c1RIA DA PRESID\u00caNCIA).","indexacao":"","observacao":"","complemento":false,"data_vigencia":null,"timestamp":"2019-04-05T08:34:58.970760-03:00","data_ultima_atualizacao":"2019-04-05T08:34:58.971737-03:00","ip":"","ultima_edicao":null,"tipo":4,"materia":null,"orgao":null,"user":null,"assuntos":[],"autores":[]}